{"id":1025,"date":"2009-11-23T15:33:45","date_gmt":"2009-11-23T13:33:45","guid":{"rendered":"http:\/\/www.photomontenegro.me\/?p=1025&#038;lang=me"},"modified":"2013-09-27T21:35:30","modified_gmt":"2013-09-27T19:35:30","slug":"most-na-durdevica-tari","status":"publish","type":"post","link":"https:\/\/www.photomontenegro.me\/en\/most-na-durdevica-tari\/","title":{"rendered":"Most na \u0110ur\u0111evi\u0107a Tari"},"content":{"rendered":"<p>\u0110ur\u0111evi\u0107a Tara Bridge is an arch bridge over the Tara River in northern Montenegro. It is located at the crossroads between Mojkovac, \u017dabljak and Pljevlja, between the villages of Bude\u010devica and Tre\u0161njica.<\/p>\n<p>It was built between 1937 and 1940 and designed by Mijat Trojanovi\u0107, who also oversaw the construction. Isaac Russo was the Chief Engineer. When it was finished, it was the biggest vehicular concrete arch bridge in Europe.<!--more--><\/p>\n<p>The bridge is 365 m long, and has five arches, the biggest having span of 116 m. The distance between the roadbed and the river is 172 m.<\/p>\n<p>Following the German-led invasion of Yugoslavia in April 1941, much of Montenegro, including the Tara Canyon, came under Italian occupation, and, due to the suitability of the mountainous terrain for guerilla warfare, became a hotbed of the communist Partisan uprising. The fighting between the Partisans and Italian occupiers aided by Serb-nationalist Chetniks claimed the Tara Bridge in 1942 during an Italian-Chetnik offensive. Aided by one of the bridge engineers, Lazar Jaukovic, a Partisan raiding party blew up the central arch, cutting off the only feasible crossing over the Tara Canyon and thus blocking the Italian\/Chetnik advance. It was a heroic act that cost Jaukovic his life: When he was eventually captured, the Italians executed the engineer on his bridge. These events were made into a movie called &#8220;Most&#8221;, in [1969].<\/p>\n<p>In 1946, the bridge was rebuilt. It remains an engineering marvel and the main crossing point over the Tara Canyon.<\/p>\n<p><strong>Wikipedia Article<\/strong><\/p>\n<div class=\"tabs\">\n<ul>\n<li><a href=\"#tabs-0\">FOTO<\/a><\/li>\n<li><a href=\"#tabs-1\">MAPA<\/a><\/li>\n<\/ul>\n<div id=\"tabs-0\">ngg_shortcode_1_placeholder<\/div>\n<div id=\"tabs-1\"><div id=\"lmm_40ba6e03\" style=\"width:600px;\" class=\"mapsmarker markermap marker-343\">\n<div id=\"lmm_panel_40ba6e03\" class=\"lmm-panel\" style=\"background:#efefef;\">\n<div id=\"lmm_panel_api_40ba6e03\" class=\"lmm-panel-api\"><a href=\"https:\/\/maps.google.com\/maps?daddr=Most+na+%C4%90ur%C4%91evi%C4%87a+Tari%2C+Pljevlja%2C+%D0%A6%D1%80%D0%BD%D0%B0+%D0%93%D0%BE%D1%80%D0%B0&amp;t=m&amp;layer=1&amp;doflg=ptk&amp;om=0\" target=\"_blank\" title=\"Get directions\"><img decoding=\"async\" alt=\"icon-car.png\" src=\"https:\/\/www.photomontenegro.me\/wp-content\/plugins\/leaflet-maps-marker\/inc\/img\/icon-car.png\" width=\"14\" height=\"14\" class=\"lmm-panel-api-images\" \/><\/a><\/div><div id=\"lmm_panel_text_40ba6e03\" class=\"lmm-panel-text\" style=\"font-weight:bold;color:#373737;\">Most na \u0110ur\u0111evi\u0107a Tari<\/div><\/div>\n<div id=\"lmm_map_40ba6e03\" class=\"lmm-map\" style=\"background:#f6f6f6;border:1px solid #ccc;height:480px; overflow:hidden;padding:0;\"><p style=\"font-size:80%;color:#9f9e9e;margin-left:5px;\">loading map - please wait...<noscript><br\/><strong>Map could not be loaded - please enable Javascript!<\/strong><br\/><a style=\"text-decoration:none;\" href=\"https:\/\/www.mapsmarker.com\/js-disabled\" target=\"_blank\">&rarr; more information<\/a><\/noscript><\/p><\/div>\n<div id=\"lmm_geo_tags_40ba6e03\" class=\"lmm-geo-tags geo\">\n<span class=\"paneltext\">Most na \u0110ur\u0111evi\u0107a Tari<\/span>\n<span class=\"latitude\">43.150393<\/span>, <span class=\"longitude\">19.295318<\/span>\n<span class=\"popuptext\">Most na \u0110ur\u0111evi\u0107a Tari\r\n\r\n<\/span>\n<\/div>\n<\/div><\/div>\n<\/div>\n<p>\u00a0<\/p>","protected":false},"excerpt":{"rendered":"<p>\u0110ur\u0111evi\u0107a Tara Bridge is an arch bridge over the Tara River in northern Montenegro. It is located at the crossroads between Mojkovac, \u017dabljak and Pljevlja, [&hellip;]<\/p>\n","protected":false},"author":1,"featured_media":4563,"comment_status":"open","ping_status":"open","sticky":false,"template":"","format":"standard","meta":{"_monsterinsights_skip_tracking":false,"_monsterinsights_sitenote_active":false,"_monsterinsights_sitenote_note":"","_monsterinsights_sitenote_category":0,"_uf_show_specific_survey":0,"_uf_disable_surveys":false,"ngg_post_thumbnail":0,"footnotes":""},"categories":[6,83,31],"tags":[703],"class_list":["post-1025","post","type-post","status-publish","format-standard","has-post-thumbnail","hentry","category-crna-gora","category-gradevine","category-kulturno-naslijede","tag-most-na-djurdjevica-tari"],"aioseo_notices":[],"_links":{"self":[{"href":"https:\/\/www.photomontenegro.me\/en\/wp-json\/wp\/v2\/posts\/1025"}],"collection":[{"href":"https:\/\/www.photomontenegro.me\/en\/wp-json\/wp\/v2\/posts"}],"about":[{"href":"https:\/\/www.photomontenegro.me\/en\/wp-json\/wp\/v2\/types\/post"}],"author":[{"embeddable":true,"href":"https:\/\/www.photomontenegro.me\/en\/wp-json\/wp\/v2\/users\/1"}],"replies":[{"embeddable":true,"href":"https:\/\/www.photomontenegro.me\/en\/wp-json\/wp\/v2\/comments?post=1025"}],"version-history":[{"count":7,"href":"https:\/\/www.photomontenegro.me\/en\/wp-json\/wp\/v2\/posts\/1025\/revisions"}],"predecessor-version":[{"id":4565,"href":"https:\/\/www.photomontenegro.me\/en\/wp-json\/wp\/v2\/posts\/1025\/revisions\/4565"}],"wp:featuredmedia":[{"embeddable":true,"href":"https:\/\/www.photomontenegro.me\/en\/wp-json\/wp\/v2\/media\/4563"}],"wp:attachment":[{"href":"https:\/\/www.photomontenegro.me\/en\/wp-json\/wp\/v2\/media?parent=1025"}],"wp:term":[{"taxonomy":"category","embeddable":true,"href":"https:\/\/www.photomontenegro.me\/en\/wp-json\/wp\/v2\/categories?post=1025"},{"taxonomy":"post_tag","embeddable":true,"href":"https:\/\/www.photomontenegro.me\/en\/wp-json\/wp\/v2\/tags?post=1025"}],"curies":[{"name":"wp","href":"https:\/\/api.w.org\/{rel}","templated":true}]}}