{"id":1590,"date":"2010-04-02T13:40:50","date_gmt":"2010-04-02T11:40:50","guid":{"rendered":"http:\/\/www.photomontenegro.me\/?p=1590&#038;lang=me"},"modified":"2013-10-02T17:21:18","modified_gmt":"2013-10-02T15:21:18","slug":"orlov-krs","status":"publish","type":"post","link":"https:\/\/www.photomontenegro.me\/en\/orlov-krs\/","title":{"rendered":"Orlov Kr\u0161"},"content":{"rendered":"<p>On Orlov kr\u0161, a small hill above the Cetinje Monastery is the mausoleum of Bishop Danilo, founder of the Petrovi\u0107-Njego\u0161 dynasty. It was built in 1896. The idea and the draft design were made by Princess Jelena in cooperation with French architect Fruse and the sculptor Moreau Vauthier.<!--more--><\/p>\n<p>Successful architectural design made the monument almost an integral part of Orlov kr\u0161. It is a recognisable and a dominant symbol of the town of Cetinje. The mausoleum was built on a plateau, which is arranged as a small park, on the brim of the hill and is highly visible.<\/p>\n<p>On a front wide stone fascia with the inscription, there is a monumental stone sarcophagus with a prominently displayed cross, and three steps leading up to it. On the top of the sarcophagus, in relief, symbols of the Bishop Danilo\u2019s spiritual and state rule are represented. On the sides of the sarcophagus there are stylised ornaments and symbols \u2013 a cross, a circle and a flower. On the eastern side, in a circular medallion, a bronze relief of the bishop\u2019s profile is displayed.<\/p>\n<p>An asphalt road passing through the south-eastern side of Orlov kr\u0161 leads to the plateau with the monument.<\/p>\n<p>text: http:\/\/montenegro.travel<\/p>\n<div class=\"tabs\">\n<ul>\n<li><a href=\"#tabs-0\">FOTO<\/a><\/li>\n<li><a href=\"#tabs-1\">MAPA<\/a><\/li>\n<\/ul>\n<div id=\"tabs-0\">ngg_shortcode_1_placeholder<\/div>\n<div id=\"tabs-1\"><div id=\"lmm_9624075d\" style=\"width:600px;\" class=\"mapsmarker markermap marker-315\">\n<div id=\"lmm_panel_9624075d\" class=\"lmm-panel\" style=\"background:#efefef;\">\n<div id=\"lmm_panel_api_9624075d\" class=\"lmm-panel-api\"><a href=\"https:\/\/maps.google.com\/maps?daddr=Orlov+kr%C5%A1%2C+Cetinje%2C+%D0%A6%D1%80%D0%BD%D0%B0+%D0%93%D0%BE%D1%80%D0%B0&amp;t=m&amp;layer=1&amp;doflg=ptk&amp;om=0\" target=\"_blank\" title=\"Get directions\"><img decoding=\"async\" alt=\"icon-car.png\" src=\"https:\/\/www.photomontenegro.me\/wp-content\/plugins\/leaflet-maps-marker\/inc\/img\/icon-car.png\" width=\"14\" height=\"14\" class=\"lmm-panel-api-images\" \/><\/a><\/div><div id=\"lmm_panel_text_9624075d\" class=\"lmm-panel-text\" style=\"font-weight:bold;color:#373737;\">Orlov kr\u0161<\/div><\/div>\n<div id=\"lmm_map_9624075d\" class=\"lmm-map\" style=\"background:#f6f6f6;border:1px solid #ccc;height:480px; overflow:hidden;padding:0;\"><p style=\"font-size:80%;color:#9f9e9e;margin-left:5px;\">loading map - please wait...<noscript><br\/><strong>Map could not be loaded - please enable Javascript!<\/strong><br\/><a style=\"text-decoration:none;\" href=\"https:\/\/www.mapsmarker.com\/js-disabled\" target=\"_blank\">&rarr; more information<\/a><\/noscript><\/p><\/div>\n<div id=\"lmm_geo_tags_9624075d\" class=\"lmm-geo-tags geo\">\n<span class=\"paneltext\">Orlov kr\u0161<\/span>\n<span class=\"latitude\">42.385969<\/span>, <span class=\"longitude\">18.919809<\/span>\n<span class=\"popuptext\">Orlov kr\u0161\r\n\r\n<\/span>\n<\/div>\n<\/div><\/div>\n<\/div>\n<p><\/p>","protected":false},"excerpt":{"rendered":"<p>On Orlov kr\u0161, a small hill above the Cetinje Monastery is the mausoleum of Bishop Danilo, founder of the Petrovi\u0107-Njego\u0161 dynasty. It was built in [&hellip;]<\/p>\n","protected":false},"author":1,"featured_media":4936,"comment_status":"open","ping_status":"open","sticky":false,"template":"","format":"standard","meta":{"_monsterinsights_skip_tracking":false,"_monsterinsights_sitenote_active":false,"_monsterinsights_sitenote_note":"","_monsterinsights_sitenote_category":0,"_uf_show_specific_survey":0,"_uf_disable_surveys":false,"ngg_post_thumbnail":0,"footnotes":""},"categories":[6,83,31],"tags":[805],"class_list":["post-1590","post","type-post","status-publish","format-standard","has-post-thumbnail","hentry","category-crna-gora","category-gradevine","category-kulturno-naslijede","tag-orlov-krs"],"aioseo_notices":[],"_links":{"self":[{"href":"https:\/\/www.photomontenegro.me\/en\/wp-json\/wp\/v2\/posts\/1590"}],"collection":[{"href":"https:\/\/www.photomontenegro.me\/en\/wp-json\/wp\/v2\/posts"}],"about":[{"href":"https:\/\/www.photomontenegro.me\/en\/wp-json\/wp\/v2\/types\/post"}],"author":[{"embeddable":true,"href":"https:\/\/www.photomontenegro.me\/en\/wp-json\/wp\/v2\/users\/1"}],"replies":[{"embeddable":true,"href":"https:\/\/www.photomontenegro.me\/en\/wp-json\/wp\/v2\/comments?post=1590"}],"version-history":[{"count":8,"href":"https:\/\/www.photomontenegro.me\/en\/wp-json\/wp\/v2\/posts\/1590\/revisions"}],"predecessor-version":[{"id":2993,"href":"https:\/\/www.photomontenegro.me\/en\/wp-json\/wp\/v2\/posts\/1590\/revisions\/2993"}],"wp:featuredmedia":[{"embeddable":true,"href":"https:\/\/www.photomontenegro.me\/en\/wp-json\/wp\/v2\/media\/4936"}],"wp:attachment":[{"href":"https:\/\/www.photomontenegro.me\/en\/wp-json\/wp\/v2\/media?parent=1590"}],"wp:term":[{"taxonomy":"category","embeddable":true,"href":"https:\/\/www.photomontenegro.me\/en\/wp-json\/wp\/v2\/categories?post=1590"},{"taxonomy":"post_tag","embeddable":true,"href":"https:\/\/www.photomontenegro.me\/en\/wp-json\/wp\/v2\/tags?post=1590"}],"curies":[{"name":"wp","href":"https:\/\/api.w.org\/{rel}","templated":true}]}}