{"id":1696,"date":"2010-04-16T15:50:29","date_gmt":"2010-04-16T13:50:29","guid":{"rendered":"http:\/\/www.photomontenegro.me\/?p=1696&#038;lang=me"},"modified":"2013-10-02T17:26:25","modified_gmt":"2013-10-02T15:26:25","slug":"igalo","status":"publish","type":"post","link":"https:\/\/www.photomontenegro.me\/en\/igalo\/","title":{"rendered":"Igalo"},"content":{"rendered":"<p>Igalo (\u0418\u0433\u0430\u043b\u043e) is a town next to Herceg-Novi which is accessible via the E65\/E80 North headed to Dubrovnik, Croatia. According to the 2003 Census, it has a population of 3,754. Igalo and Herceg Novi are only administratively divided, as there is no clear division between the towns.<!--more--><\/p>\n<p>Located on the slopes of Mount Orjen, Igalo is regionally famous for the &#8220;DR Simo Milo\u0161evi\u0107&#8221; Institute, a Mediterranean themed health spa which formerly attracted many tourists. Architect Aleksandar \u0110or\u0111evic built this Institute. The institute is one of the unique hospitals and spas in the Balkans. Though the effects of the Yugoslav Wars limited Igalo&#8217;s attractiveness as a tourist destination, it nonetheless remains a popular resort for tourists from the surrounding region.Former Yugoslav leader Tito had his summer villa in this town.<\/p>\n<p><strong>Wikipedia <\/strong><\/p>\n<div class=\"tabs\">\n<ul>\n<li><a href=\"#tabs-0\">FOTO<\/a><\/li>\n<li><a href=\"#tabs-1\">MAPA<\/a><\/li>\n<\/ul>\n<div id=\"tabs-0\">ngg_shortcode_1_placeholder<\/div>\n<div id=\"tabs-1\"><div id=\"lmm_6793b795\" style=\"width:600px;\" class=\"mapsmarker markermap marker-225\">\n<div id=\"lmm_panel_6793b795\" class=\"lmm-panel\" style=\"background:#efefef;\">\n<div id=\"lmm_panel_api_6793b795\" class=\"lmm-panel-api\"><a href=\"https:\/\/maps.google.com\/maps?daddr=Igalo%2C+%D0%A6%D1%80%D0%BD%D0%B0+%D0%93%D0%BE%D1%80%D0%B0&amp;t=m&amp;layer=1&amp;doflg=ptk&amp;om=0\" target=\"_blank\" title=\"Get directions\"><img decoding=\"async\" alt=\"icon-car.png\" src=\"https:\/\/www.photomontenegro.me\/wp-content\/plugins\/leaflet-maps-marker\/inc\/img\/icon-car.png\" width=\"14\" height=\"14\" class=\"lmm-panel-api-images\" \/><\/a><\/div><div id=\"lmm_panel_text_6793b795\" class=\"lmm-panel-text\" style=\"font-weight:bold;color:#373737;\">Igalo<\/div><\/div>\n<div id=\"lmm_map_6793b795\" class=\"lmm-map\" style=\"background:#f6f6f6;border:1px solid #ccc;height:480px; overflow:hidden;padding:0;\"><p style=\"font-size:80%;color:#9f9e9e;margin-left:5px;\">loading map - please wait...<noscript><br\/><strong>Map could not be loaded - please enable Javascript!<\/strong><br\/><a style=\"text-decoration:none;\" href=\"https:\/\/www.mapsmarker.com\/js-disabled\" target=\"_blank\">&rarr; more information<\/a><\/noscript><\/p><\/div>\n<div id=\"lmm_geo_tags_6793b795\" class=\"lmm-geo-tags geo\">\n<span class=\"paneltext\">Igalo<\/span>\n<span class=\"latitude\">42.455278<\/span>, <span class=\"longitude\">18.507222<\/span>\n<span class=\"popuptext\">Igalo\r\n\r\n<\/span>\n<\/div>\n<\/div><\/div>\n<\/div>\n<p><\/p>","protected":false},"excerpt":{"rendered":"<p>Igalo (\u0418\u0433\u0430\u043b\u043e) is a town next to Herceg-Novi which is accessible via the E65\/E80 North headed to Dubrovnik, Croatia. According to the 2003 Census, it [&hellip;]<\/p>\n","protected":false},"author":1,"featured_media":4958,"comment_status":"open","ping_status":"open","sticky":false,"template":"","format":"standard","meta":{"_monsterinsights_skip_tracking":false,"_monsterinsights_sitenote_active":false,"_monsterinsights_sitenote_note":"","_monsterinsights_sitenote_category":0,"_uf_show_specific_survey":0,"_uf_disable_surveys":false,"ngg_post_thumbnail":0,"footnotes":""},"categories":[6,110,139,42],"tags":[756],"class_list":["post-1696","post","type-post","status-publish","format-standard","has-post-thumbnail","hentry","category-crna-gora","category-mjesta","category-naselja","category-primorje","tag-igalo"],"aioseo_notices":[],"_links":{"self":[{"href":"https:\/\/www.photomontenegro.me\/en\/wp-json\/wp\/v2\/posts\/1696"}],"collection":[{"href":"https:\/\/www.photomontenegro.me\/en\/wp-json\/wp\/v2\/posts"}],"about":[{"href":"https:\/\/www.photomontenegro.me\/en\/wp-json\/wp\/v2\/types\/post"}],"author":[{"embeddable":true,"href":"https:\/\/www.photomontenegro.me\/en\/wp-json\/wp\/v2\/users\/1"}],"replies":[{"embeddable":true,"href":"https:\/\/www.photomontenegro.me\/en\/wp-json\/wp\/v2\/comments?post=1696"}],"version-history":[{"count":9,"href":"https:\/\/www.photomontenegro.me\/en\/wp-json\/wp\/v2\/posts\/1696\/revisions"}],"predecessor-version":[{"id":4967,"href":"https:\/\/www.photomontenegro.me\/en\/wp-json\/wp\/v2\/posts\/1696\/revisions\/4967"}],"wp:featuredmedia":[{"embeddable":true,"href":"https:\/\/www.photomontenegro.me\/en\/wp-json\/wp\/v2\/media\/4958"}],"wp:attachment":[{"href":"https:\/\/www.photomontenegro.me\/en\/wp-json\/wp\/v2\/media?parent=1696"}],"wp:term":[{"taxonomy":"category","embeddable":true,"href":"https:\/\/www.photomontenegro.me\/en\/wp-json\/wp\/v2\/categories?post=1696"},{"taxonomy":"post_tag","embeddable":true,"href":"https:\/\/www.photomontenegro.me\/en\/wp-json\/wp\/v2\/tags?post=1696"}],"curies":[{"name":"wp","href":"https:\/\/api.w.org\/{rel}","templated":true}]}}