{"id":1912,"date":"2010-05-26T16:35:44","date_gmt":"2010-05-26T14:35:44","guid":{"rendered":"http:\/\/www.photomontenegro.me\/?p=1912&#038;lang=me"},"modified":"2013-10-03T21:48:48","modified_gmt":"2013-10-03T19:48:48","slug":"kolasin","status":"publish","type":"post","link":"https:\/\/www.photomontenegro.me\/en\/kolasin\/","title":{"rendered":"Kola\u0161in"},"content":{"rendered":"<p>The Municipality of Kola\u0161in is situated in the central part of the continental part of Montenegro. It stretches over an area of 897 square kilometers of the upper and middle courses of the Tara and Mora\u010da Rivers. The basins of these two rivers make two natural unities, equal by size and spatially close by and yet different, each having its own unique qualities.<!--more--><\/p>\n<p>The region in the basin of the Mora\u010da River is featured by the steep slope of the terrain. It is intersected by deep gorges and canyons.The upper part of this river valley stretches to the entrance in the Platija Canyon, which consists of Gornja ( i.e. Upper) Mora\u010da, at an altitude ranging between 465m and 973m, and two more expansions. The Platija Canyon is 1000 meters deep on average and the mountainous Mora\u010da\u2019s tributaries also flow through the canyons with the banks often as high as up to 1000 meters.<\/p>\n<p>The part of the Municipality of Kola\u0161in, in the Tara River basin, is on a higher average altitude above sea level and has a number of smller valley expansions, such as Kola\u0161inska terrace, Lipovska Valley, Trebaljevo, the Donja ( i.e. Lower) and Gornja ( i.e. Upper) tara Rivers and valleys with a number of its tributaries.<\/p>\n<p>The Mora\u010da River basin is oriented to the Adriatic Sea while the Tara River basin pertains to the drainage system flowing into the Black Sea. The Crkvina saddle, situated between Mora\u010da and Kola\u0161in monasteries., is the watershed of the two basins. On its southern side, waters flow towards the Adriatic Sea, and on its northeast side, the waters flow through the Tara, Drina, Sava and the Danube Rivers, reaching the Black Sea. The curiosity is that the waters split on the roof of a building on this saddle and flow into two different basins.<\/p>\n<p>The region of Kola\u0161in is surrounded with cliffs and mountain peaks of Sinjavina, Javorje, Semolj, Kapa Mora\u010dka, Maganik, \u0160tavnje, Ostrvica, Komovi, Klju\u010d, and Bjelasica Mounts, which makes it a true mountainous region rich in all the beauties and challenges offered by high mountains and a particulary diversified relief. Breathtaking canyons, glacial lakes like those in fairytales, mountain peaks exceeding 2000 meters, numerous springs, thick woods, spacious pastures, limestone plateaus \u2013 make this treasure of landscapes infinitely abundant, unforgettable and exciting always in a new way.<\/p>\n<p>text: http:\/\/www.kolasin.me<\/p>\n<div class=\"tabs\">\n<ul>\n<li><a href=\"#tabs-0\">FOTO<\/a><\/li>\n<li><a href=\"#tabs-1\">MAPA<\/a><\/li>\n<\/ul>\n<div id=\"tabs-0\">ngg_shortcode_1_placeholder<\/div>\n<div id=\"tabs-1\"><div id=\"lmm_d22f653b\" style=\"width:600px;\" class=\"mapsmarker markermap marker-188\">\n<div id=\"lmm_panel_d22f653b\" class=\"lmm-panel\" style=\"background:#efefef;\">\n<div id=\"lmm_panel_api_d22f653b\" class=\"lmm-panel-api\"><a href=\"https:\/\/maps.google.com\/maps?daddr=Kola%C5%A1in%2C+%D0%A6%D1%80%D0%BD%D0%B0+%D0%93%D0%BE%D1%80%D0%B0&amp;t=m&amp;layer=1&amp;doflg=ptk&amp;om=0\" target=\"_blank\" title=\"Get directions\"><img decoding=\"async\" alt=\"icon-car.png\" src=\"https:\/\/www.photomontenegro.me\/wp-content\/plugins\/leaflet-maps-marker\/inc\/img\/icon-car.png\" width=\"14\" height=\"14\" class=\"lmm-panel-api-images\" \/><\/a><\/div><div id=\"lmm_panel_text_d22f653b\" class=\"lmm-panel-text\" style=\"font-weight:bold;color:#373737;\">Kola\u0161in<\/div><\/div>\n<div id=\"lmm_map_d22f653b\" class=\"lmm-map\" style=\"background:#f6f6f6;border:1px solid #ccc;height:480px; overflow:hidden;padding:0;\"><p style=\"font-size:80%;color:#9f9e9e;margin-left:5px;\">loading map - please wait...<noscript><br\/><strong>Map could not be loaded - please enable Javascript!<\/strong><br\/><a style=\"text-decoration:none;\" href=\"https:\/\/www.mapsmarker.com\/js-disabled\" target=\"_blank\">&rarr; more information<\/a><\/noscript><\/p><\/div>\n<div id=\"lmm_geo_tags_d22f653b\" class=\"lmm-geo-tags geo\">\n<span class=\"paneltext\">Kola\u0161in<\/span>\n<span class=\"latitude\">42.823611<\/span>, <span class=\"longitude\">19.522500<\/span>\n<span class=\"popuptext\">Kola\u0161in\r\n\r\n<\/span>\n<\/div>\n<\/div><\/div>\n<\/div>\n<p><\/p>","protected":false},"excerpt":{"rendered":"<p>The Municipality of Kola\u0161in is situated in the central part of the continental part of Montenegro. It stretches over an area of 897 square kilometers [&hellip;]<\/p>\n","protected":false},"author":1,"featured_media":5066,"comment_status":"open","ping_status":"open","sticky":false,"template":"","format":"standard","meta":{"_monsterinsights_skip_tracking":false,"_monsterinsights_sitenote_active":false,"_monsterinsights_sitenote_note":"","_monsterinsights_sitenote_category":0,"_uf_show_specific_survey":0,"_uf_disable_surveys":false,"ngg_post_thumbnail":0,"footnotes":""},"categories":[6,85,139],"tags":[852],"class_list":["post-1912","post","type-post","status-publish","format-standard","has-post-thumbnail","hentry","category-crna-gora","category-gradovi","category-naselja","tag-kolasin"],"aioseo_notices":[],"_links":{"self":[{"href":"https:\/\/www.photomontenegro.me\/en\/wp-json\/wp\/v2\/posts\/1912"}],"collection":[{"href":"https:\/\/www.photomontenegro.me\/en\/wp-json\/wp\/v2\/posts"}],"about":[{"href":"https:\/\/www.photomontenegro.me\/en\/wp-json\/wp\/v2\/types\/post"}],"author":[{"embeddable":true,"href":"https:\/\/www.photomontenegro.me\/en\/wp-json\/wp\/v2\/users\/1"}],"replies":[{"embeddable":true,"href":"https:\/\/www.photomontenegro.me\/en\/wp-json\/wp\/v2\/comments?post=1912"}],"version-history":[{"count":5,"href":"https:\/\/www.photomontenegro.me\/en\/wp-json\/wp\/v2\/posts\/1912\/revisions"}],"predecessor-version":[{"id":5085,"href":"https:\/\/www.photomontenegro.me\/en\/wp-json\/wp\/v2\/posts\/1912\/revisions\/5085"}],"wp:featuredmedia":[{"embeddable":true,"href":"https:\/\/www.photomontenegro.me\/en\/wp-json\/wp\/v2\/media\/5066"}],"wp:attachment":[{"href":"https:\/\/www.photomontenegro.me\/en\/wp-json\/wp\/v2\/media?parent=1912"}],"wp:term":[{"taxonomy":"category","embeddable":true,"href":"https:\/\/www.photomontenegro.me\/en\/wp-json\/wp\/v2\/categories?post=1912"},{"taxonomy":"post_tag","embeddable":true,"href":"https:\/\/www.photomontenegro.me\/en\/wp-json\/wp\/v2\/tags?post=1912"}],"curies":[{"name":"wp","href":"https:\/\/api.w.org\/{rel}","templated":true}]}}