{"id":2388,"date":"2010-08-20T18:43:54","date_gmt":"2010-08-20T16:43:54","guid":{"rendered":"http:\/\/www.photomontenegro.me\/?p=2388&#038;lang=me"},"modified":"2013-10-06T16:15:55","modified_gmt":"2013-10-06T14:15:55","slug":"sisko-jezero","status":"publish","type":"post","link":"https:\/\/www.photomontenegro.me\/en\/sisko-jezero\/","title":{"rendered":"\u0160i\u0161ko jezero"},"content":{"rendered":"<p>Great and Small \u0160i\u0161ko lake, Bjelasica mountain<!--more--><\/p>\n<div class=\"tabs\">\n<ul>\n<li><a href=\"#tabs-0\">FOTO<\/a><\/li>\n<li><a href=\"#tabs-1\">MAPA<\/a><\/li>\n<\/ul>\n<div id=\"tabs-0\">ngg_shortcode_1_placeholder<\/div>\n<div id=\"tabs-1\"><div id=\"lmm_4a852808\" style=\"width:600px;\" class=\"mapsmarker markermap marker-81\">\n<div id=\"lmm_panel_4a852808\" class=\"lmm-panel\" style=\"background:#efefef;\">\n<div id=\"lmm_panel_api_4a852808\" class=\"lmm-panel-api\"><a href=\"https:\/\/maps.google.com\/maps?daddr=%C5%A0i%C5%A1ko+Jezero%2C+%D0%9C%D0%BE%D1%98%D0%BA%D0%BE%D0%B2%D0%B0%D1%86%2C+%D0%A6%D1%80%D0%BD%D0%B0+%D0%93%D0%BE%D1%80%D0%B0&amp;t=m&amp;layer=1&amp;doflg=ptk&amp;om=0\" target=\"_blank\" title=\"Get directions\"><img decoding=\"async\" alt=\"icon-car.png\" src=\"https:\/\/www.photomontenegro.me\/wp-content\/plugins\/leaflet-maps-marker\/inc\/img\/icon-car.png\" width=\"14\" height=\"14\" class=\"lmm-panel-api-images\" \/><\/a><\/div><div id=\"lmm_panel_text_4a852808\" class=\"lmm-panel-text\" style=\"font-weight:bold;color:#373737;\">Veliko \u0160i\u0161ko jezero<\/div><\/div>\n<div id=\"lmm_map_4a852808\" class=\"lmm-map\" style=\"background:#f6f6f6;border:1px solid #ccc;height:480px; overflow:hidden;padding:0;\"><p style=\"font-size:80%;color:#9f9e9e;margin-left:5px;\">loading map - please wait...<noscript><br\/><strong>Map could not be loaded - please enable Javascript!<\/strong><br\/><a style=\"text-decoration:none;\" href=\"https:\/\/www.mapsmarker.com\/js-disabled\" target=\"_blank\">&rarr; more information<\/a><\/noscript><\/p><\/div>\n<div id=\"lmm_geo_tags_4a852808\" class=\"lmm-geo-tags geo\">\n<span class=\"paneltext\">Veliko \u0160i\u0161ko jezero<\/span>\n<span class=\"latitude\">42.897821<\/span>, <span class=\"longitude\">19.671743<\/span>\n<span class=\"popuptext\">Veliko \u0160i\u0161ko jezero\r\n\r\n<\/span>\n<\/div>\n<\/div><\/div>\n<\/div>\n<p><\/p>","protected":false},"excerpt":{"rendered":"<p>Great and Small \u0160i\u0161ko lake, Bjelasica mountain<\/p>\n","protected":false},"author":1,"featured_media":5316,"comment_status":"open","ping_status":"open","sticky":false,"template":"","format":"standard","meta":{"_monsterinsights_skip_tracking":false,"_monsterinsights_sitenote_active":false,"_monsterinsights_sitenote_note":"","_monsterinsights_sitenote_category":0,"_uf_show_specific_survey":0,"_uf_disable_surveys":false,"ngg_post_thumbnail":0,"footnotes":""},"categories":[6,5],"tags":[926,555,459,925],"class_list":["post-2388","post","type-post","status-publish","format-standard","has-post-thumbnail","hentry","category-crna-gora","category-jezera","tag-malo-sisko-jezero","tag-siska-jezera","tag-sisko-jezero","tag-veliko-sisko-jezero"],"aioseo_notices":[],"_links":{"self":[{"href":"https:\/\/www.photomontenegro.me\/en\/wp-json\/wp\/v2\/posts\/2388"}],"collection":[{"href":"https:\/\/www.photomontenegro.me\/en\/wp-json\/wp\/v2\/posts"}],"about":[{"href":"https:\/\/www.photomontenegro.me\/en\/wp-json\/wp\/v2\/types\/post"}],"author":[{"embeddable":true,"href":"https:\/\/www.photomontenegro.me\/en\/wp-json\/wp\/v2\/users\/1"}],"replies":[{"embeddable":true,"href":"https:\/\/www.photomontenegro.me\/en\/wp-json\/wp\/v2\/comments?post=2388"}],"version-history":[{"count":16,"href":"https:\/\/www.photomontenegro.me\/en\/wp-json\/wp\/v2\/posts\/2388\/revisions"}],"predecessor-version":[{"id":5365,"href":"https:\/\/www.photomontenegro.me\/en\/wp-json\/wp\/v2\/posts\/2388\/revisions\/5365"}],"wp:featuredmedia":[{"embeddable":true,"href":"https:\/\/www.photomontenegro.me\/en\/wp-json\/wp\/v2\/media\/5316"}],"wp:attachment":[{"href":"https:\/\/www.photomontenegro.me\/en\/wp-json\/wp\/v2\/media?parent=2388"}],"wp:term":[{"taxonomy":"category","embeddable":true,"href":"https:\/\/www.photomontenegro.me\/en\/wp-json\/wp\/v2\/categories?post=2388"},{"taxonomy":"post_tag","embeddable":true,"href":"https:\/\/www.photomontenegro.me\/en\/wp-json\/wp\/v2\/tags?post=2388"}],"curies":[{"name":"wp","href":"https:\/\/api.w.org\/{rel}","templated":true}]}}