{"id":2622,"date":"2011-07-22T19:33:07","date_gmt":"2011-07-22T17:33:07","guid":{"rendered":"http:\/\/www.photomontenegro.me\/?p=2622&#038;lang=me"},"modified":"2013-09-27T10:02:29","modified_gmt":"2013-09-27T08:02:29","slug":"stecci","status":"publish","type":"post","link":"https:\/\/www.photomontenegro.me\/en\/stecci\/","title":{"rendered":"Ste\u0107ci"},"content":{"rendered":"<p>The Ste\u0107ci (singular: Ste\u0107ak), are monumental medieval tombstones that lie scattered across Bosnia and Herzegovina, and the border parts of Croatia, Montenegro and Serbia. An estimated 60,000 are found within the borders of Bosnia and Herzegovina and the rest of 10,000 are found in Croatia, Serbia, and Montenegro.<!--more--> Appearing in the 11th century, the ste\u0107ci reached their peak in the late 14th to 15th centuries, before dying away during the Ottoman occupation.<\/p>\n<p>The Ste\u0107ci have been nominated to the UNESCO World Heritage List as Joint Cultural Heritage by the four countries in 2009.<\/p>\n<p>Wikipedia<\/p>\n<div class=\"tabs\">\n<ul>\n<li><a href=\"#tabs-0\">FOTO<\/a><\/li>\n<li><a href=\"#tabs-1\">MAPA<\/a><\/li>\n<\/ul>\n<div id=\"tabs-0\">ngg_shortcode_1_placeholder<\/div>\n<div id=\"tabs-1\"><div id=\"lmm_405ee661\" style=\"width:600px;\" class=\"mapsmarker markermap marker-258\">\n<div id=\"lmm_panel_405ee661\" class=\"lmm-panel\" style=\"background:#efefef;\">\n<div id=\"lmm_panel_api_405ee661\" class=\"lmm-panel-api\"><a href=\"https:\/\/maps.google.com\/maps?daddr=Vra%C5%BEje+jezero%2C+Zabljak%2C+%D0%A6%D1%80%D0%BD%D0%B0+%D0%93%D0%BE%D1%80%D0%B0&amp;t=m&amp;layer=1&amp;doflg=ptk&amp;om=0\" target=\"_blank\" title=\"Get directions\"><img decoding=\"async\" alt=\"icon-car.png\" src=\"https:\/\/www.photomontenegro.me\/wp-content\/plugins\/leaflet-maps-marker\/inc\/img\/icon-car.png\" width=\"14\" height=\"14\" class=\"lmm-panel-api-images\" \/><\/a><\/div><div id=\"lmm_panel_text_405ee661\" class=\"lmm-panel-text\" style=\"font-weight:bold;color:#373737;\">Ste\u0107ci<\/div><\/div>\n<div id=\"lmm_map_405ee661\" class=\"lmm-map\" style=\"background:#f6f6f6;border:1px solid #ccc;height:480px; overflow:hidden;padding:0;\"><p style=\"font-size:80%;color:#9f9e9e;margin-left:5px;\">loading map - please wait...<noscript><br\/><strong>Map could not be loaded - please enable Javascript!<\/strong><br\/><a style=\"text-decoration:none;\" href=\"https:\/\/www.mapsmarker.com\/js-disabled\" target=\"_blank\">&rarr; more information<\/a><\/noscript><\/p><\/div>\n<div id=\"lmm_geo_tags_405ee661\" class=\"lmm-geo-tags geo\">\n<span class=\"paneltext\">Ste\u0107ci<\/span>\n<span class=\"latitude\">43.101390<\/span>, <span class=\"longitude\">19.138141<\/span>\n<span class=\"popuptext\">Ste\u0107ci\r\n\r\n<\/span>\n<\/div>\n<\/div><\/div>\n<\/div>\n<p><\/p>","protected":false},"excerpt":{"rendered":"<p>The Ste\u0107ci (singular: Ste\u0107ak), are monumental medieval tombstones that lie scattered across Bosnia and Herzegovina, and the border parts of Croatia, Montenegro and Serbia. An [&hellip;]<\/p>\n","protected":false},"author":1,"featured_media":4508,"comment_status":"open","ping_status":"open","sticky":false,"template":"","format":"standard","meta":{"_monsterinsights_skip_tracking":false,"_monsterinsights_sitenote_active":false,"_monsterinsights_sitenote_note":"","_monsterinsights_sitenote_category":0,"_uf_show_specific_survey":0,"_uf_disable_surveys":false,"ngg_post_thumbnail":0,"footnotes":""},"categories":[6,31],"tags":[963,962],"class_list":["post-2622","post","type-post","status-publish","format-standard","has-post-thumbnail","hentry","category-crna-gora","category-kulturno-naslijede","tag-durmitorski-stecci","tag-stecci"],"aioseo_notices":[],"_links":{"self":[{"href":"https:\/\/www.photomontenegro.me\/en\/wp-json\/wp\/v2\/posts\/2622"}],"collection":[{"href":"https:\/\/www.photomontenegro.me\/en\/wp-json\/wp\/v2\/posts"}],"about":[{"href":"https:\/\/www.photomontenegro.me\/en\/wp-json\/wp\/v2\/types\/post"}],"author":[{"embeddable":true,"href":"https:\/\/www.photomontenegro.me\/en\/wp-json\/wp\/v2\/users\/1"}],"replies":[{"embeddable":true,"href":"https:\/\/www.photomontenegro.me\/en\/wp-json\/wp\/v2\/comments?post=2622"}],"version-history":[{"count":8,"href":"https:\/\/www.photomontenegro.me\/en\/wp-json\/wp\/v2\/posts\/2622\/revisions"}],"predecessor-version":[{"id":4505,"href":"https:\/\/www.photomontenegro.me\/en\/wp-json\/wp\/v2\/posts\/2622\/revisions\/4505"}],"wp:featuredmedia":[{"embeddable":true,"href":"https:\/\/www.photomontenegro.me\/en\/wp-json\/wp\/v2\/media\/4508"}],"wp:attachment":[{"href":"https:\/\/www.photomontenegro.me\/en\/wp-json\/wp\/v2\/media?parent=2622"}],"wp:term":[{"taxonomy":"category","embeddable":true,"href":"https:\/\/www.photomontenegro.me\/en\/wp-json\/wp\/v2\/categories?post=2622"},{"taxonomy":"post_tag","embeddable":true,"href":"https:\/\/www.photomontenegro.me\/en\/wp-json\/wp\/v2\/tags?post=2622"}],"curies":[{"name":"wp","href":"https:\/\/api.w.org\/{rel}","templated":true}]}}