{"id":715,"date":"2009-10-12T13:31:35","date_gmt":"2009-10-12T11:31:35","guid":{"rendered":"http:\/\/www.photomontenegro.me\/?p=715&#038;lang=me"},"modified":"2024-10-14T19:32:43","modified_gmt":"2024-10-14T17:32:43","slug":"zanjice","status":"publish","type":"post","link":"https:\/\/www.photomontenegro.me\/en\/zanjice\/","title":{"rendered":"\u017danjice"},"content":{"rendered":"<p>\u017danjic beach is located on the Lu\u0161tica peninsula , south from the village Rose, and it&#8217;s one of the most beautiful excursion destinations where you also can visit the island of Mamula, the famous Blue Cave and more. During the summer season, every 10 minutes, you can catch a\u00a0 tourist boat from Herceg Novi to come here. <!--more-->\u00a0It&#8217;s a trip long 3.8 nautical miles to travel \u00a0and certainly not boring because it is way much can be seen. Of course, you \u00a0can get here ny car, but the &#8220;seaway&#8221; many popular and interesting. The beach is great, the white pebbles, facing towards the north &#8211; south and protected from the winds by cape Arza. \u00a0300 m long and 10-15 m wide so that, in the height of the season, there is place for everyone. The special ambience, and the thick shade, creates a dense forest of old olive trees, a favorite place for campers. \u00a0Sea water \u00a0is A category.<\/p>\n<p>&nbsp;<\/p>\n<div class=\"tabs\">\n<ul>\n<li><a href=\"#tabs-0\">FOTO<\/a><\/li>\n<li><a href=\"#tabs-1\">MAPA<\/a><\/li>\n<\/ul>\n<div id=\"tabs-0\">ngg_shortcode_1_placeholder<\/div>\n<div id=\"tabs-1\"><div id=\"lmm_ef4a12e4\" style=\"width:600px;\" class=\"mapsmarker markermap marker-173\">\n<div id=\"lmm_panel_ef4a12e4\" class=\"lmm-panel\" style=\"background:#efefef;\">\n<div id=\"lmm_panel_api_ef4a12e4\" class=\"lmm-panel-api\"><a href=\"https:\/\/maps.google.com\/maps?daddr=%C5%BDanjic%2C+%D0%A6%D1%80%D0%BD%D0%B0+%D0%93%D0%BE%D1%80%D0%B0&amp;t=m&amp;layer=1&amp;doflg=ptk&amp;om=0\" target=\"_blank\" title=\"Get directions\"><img decoding=\"async\" alt=\"icon-car.png\" src=\"https:\/\/www.photomontenegro.me\/wp-content\/plugins\/leaflet-maps-marker\/inc\/img\/icon-car.png\" width=\"14\" height=\"14\" class=\"lmm-panel-api-images\" \/><\/a><\/div><div id=\"lmm_panel_text_ef4a12e4\" class=\"lmm-panel-text\" style=\"font-weight:bold;color:#373737;\">\u017danjice<\/div><\/div>\n<div id=\"lmm_map_ef4a12e4\" class=\"lmm-map\" style=\"background:#f6f6f6;border:1px solid #ccc;height:480px; overflow:hidden;padding:0;\"><p style=\"font-size:80%;color:#9f9e9e;margin-left:5px;\">loading map - please wait...<noscript><br\/><strong>Map could not be loaded - please enable Javascript!<\/strong><br\/><a style=\"text-decoration:none;\" href=\"https:\/\/www.mapsmarker.com\/js-disabled\" target=\"_blank\">&rarr; more information<\/a><\/noscript><\/p><\/div>\n<div id=\"lmm_geo_tags_ef4a12e4\" class=\"lmm-geo-tags geo\">\n<span class=\"paneltext\">\u017danjice<\/span>\n<span class=\"latitude\">42.399862<\/span>, <span class=\"longitude\">18.583422<\/span>\n<span class=\"popuptext\">\u017danjice\r\n\r\n<\/span>\n<\/div>\n<\/div><\/div>\n<\/div>\n<p><\/p>","protected":false},"excerpt":{"rendered":"<p>Sorry, this entry is only available in Crnogorski.<\/p>\n","protected":false},"author":1,"featured_media":7987,"comment_status":"open","ping_status":"open","sticky":false,"template":"","format":"standard","meta":{"_monsterinsights_skip_tracking":false,"_monsterinsights_sitenote_active":false,"_monsterinsights_sitenote_note":"","_monsterinsights_sitenote_category":0,"_uf_show_specific_survey":0,"_uf_disable_surveys":false,"ngg_post_thumbnail":0,"footnotes":""},"categories":[6,84,42],"tags":[663],"class_list":["post-715","post","type-post","status-publish","format-standard","has-post-thumbnail","hentry","category-crna-gora","category-plaze","category-primorje","tag-zanjice"],"aioseo_notices":[],"_links":{"self":[{"href":"https:\/\/www.photomontenegro.me\/en\/wp-json\/wp\/v2\/posts\/715"}],"collection":[{"href":"https:\/\/www.photomontenegro.me\/en\/wp-json\/wp\/v2\/posts"}],"about":[{"href":"https:\/\/www.photomontenegro.me\/en\/wp-json\/wp\/v2\/types\/post"}],"author":[{"embeddable":true,"href":"https:\/\/www.photomontenegro.me\/en\/wp-json\/wp\/v2\/users\/1"}],"replies":[{"embeddable":true,"href":"https:\/\/www.photomontenegro.me\/en\/wp-json\/wp\/v2\/comments?post=715"}],"version-history":[{"count":8,"href":"https:\/\/www.photomontenegro.me\/en\/wp-json\/wp\/v2\/posts\/715\/revisions"}],"predecessor-version":[{"id":7990,"href":"https:\/\/www.photomontenegro.me\/en\/wp-json\/wp\/v2\/posts\/715\/revisions\/7990"}],"wp:featuredmedia":[{"embeddable":true,"href":"https:\/\/www.photomontenegro.me\/en\/wp-json\/wp\/v2\/media\/7987"}],"wp:attachment":[{"href":"https:\/\/www.photomontenegro.me\/en\/wp-json\/wp\/v2\/media?parent=715"}],"wp:term":[{"taxonomy":"category","embeddable":true,"href":"https:\/\/www.photomontenegro.me\/en\/wp-json\/wp\/v2\/categories?post=715"},{"taxonomy":"post_tag","embeddable":true,"href":"https:\/\/www.photomontenegro.me\/en\/wp-json\/wp\/v2\/tags?post=715"}],"curies":[{"name":"wp","href":"https:\/\/api.w.org\/{rel}","templated":true}]}}