{"id":8123,"date":"2024-11-04T11:38:56","date_gmt":"2024-11-04T09:38:56","guid":{"rendered":"https:\/\/www.photomontenegro.me\/?p=8123"},"modified":"2024-11-04T11:38:56","modified_gmt":"2024-11-04T09:38:56","slug":"kraljicina-plaza-2","status":"publish","type":"post","link":"https:\/\/www.photomontenegro.me\/en\/kraljicina-plaza-2\/","title":{"rendered":"Kralji\u010dina pla\u017ea (\u010canj)"},"content":{"rendered":"<p><div class=\"fusion-fullwidth fullwidth-box fusion-builder-row-2 fusion-flex-container nonhundred-percent-fullwidth non-hundred-percent-height-scrolling\" style=\"--awb-border-radius-top-left:0px;--awb-border-radius-top-right:0px;--awb-border-radius-bottom-right:0px;--awb-border-radius-bottom-left:0px;--awb-flex-wrap:wrap;\" ><div class=\"fusion-builder-row fusion-row fusion-flex-align-items-flex-start fusion-flex-content-wrap\" style=\"max-width:1216.8px;margin-left: calc(-4% \/ 2 );margin-right: calc(-4% \/ 2 );\"><div class=\"fusion-layout-column fusion_builder_column fusion-builder-column-2 fusion_builder_column_1_1 1_1 fusion-flex-column\" style=\"--awb-bg-size:cover;--awb-width-large:100%;--awb-margin-top-large:0px;--awb-spacing-right-large:1.92%;--awb-margin-bottom-large:20px;--awb-spacing-left-large:1.92%;--awb-width-medium:100%;--awb-order-medium:0;--awb-spacing-right-medium:1.92%;--awb-spacing-left-medium:1.92%;--awb-width-small:100%;--awb-order-small:0;--awb-spacing-right-small:1.92%;--awb-spacing-left-small:1.92%;\"><div class=\"fusion-column-wrapper fusion-column-has-shadow fusion-flex-justify-content-flex-start fusion-content-layout-column\"><div class=\"fusion-image-element \" style=\"--awb-caption-title-font-family:var(--h2_typography-font-family);--awb-caption-title-font-weight:var(--h2_typography-font-weight);--awb-caption-title-font-style:var(--h2_typography-font-style);--awb-caption-title-size:var(--h2_typography-font-size);--awb-caption-title-transform:var(--h2_typography-text-transform);--awb-caption-title-line-height:var(--h2_typography-line-height);--awb-caption-title-letter-spacing:var(--h2_typography-letter-spacing);\"><span class=\" fusion-imageframe imageframe-none imageframe-2 hover-type-zoomin\"><a href=\"https:\/\/www.photomontenegro.me\/wp-content\/uploads\/DJI_0265s.jpg\" class=\"fusion-lightbox\" data-rel=\"iLightbox[547c3b7e3ff246472ff]\" data-title=\"DJI_0265s\" title=\"DJI_0265s\"><img decoding=\"async\" width=\"1400\" height=\"933\" src=\"https:\/\/www.photomontenegro.me\/wp-content\/uploads\/DJI_0265s.jpg\" alt class=\"img-responsive wp-image-8127\" srcset=\"https:\/\/www.photomontenegro.me\/wp-content\/uploads\/DJI_0265s-200x133.jpg 200w, https:\/\/www.photomontenegro.me\/wp-content\/uploads\/DJI_0265s-400x267.jpg 400w, https:\/\/www.photomontenegro.me\/wp-content\/uploads\/DJI_0265s-600x400.jpg 600w, https:\/\/www.photomontenegro.me\/wp-content\/uploads\/DJI_0265s-800x533.jpg 800w, https:\/\/www.photomontenegro.me\/wp-content\/uploads\/DJI_0265s-1200x800.jpg 1200w, https:\/\/www.photomontenegro.me\/wp-content\/uploads\/DJI_0265s.jpg 1400w\" sizes=\"(max-width: 1024px) 100vw, (max-width: 640px) 100vw, 1200px\" \/><\/a><\/span><\/div><\/div><\/div><div class=\"fusion-layout-column fusion_builder_column fusion-builder-column-3 fusion_builder_column_1_1 1_1 fusion-flex-column\" style=\"--awb-bg-size:cover;--awb-width-large:100%;--awb-margin-top-large:0px;--awb-spacing-right-large:1.92%;--awb-margin-bottom-large:20px;--awb-spacing-left-large:1.92%;--awb-width-medium:100%;--awb-order-medium:0;--awb-spacing-right-medium:1.92%;--awb-spacing-left-medium:1.92%;--awb-width-small:100%;--awb-order-small:0;--awb-spacing-right-small:1.92%;--awb-spacing-left-small:1.92%;\"><div class=\"fusion-column-wrapper fusion-column-has-shadow fusion-flex-justify-content-flex-start fusion-content-layout-column\"><div class=\"fusion-tabs fusion-tabs-2 classic nav-is-justified horizontal-tabs icon-position-left mobile-mode-accordion\" style=\"--awb-title-border-radius-top-left:0px;--awb-title-border-radius-top-right:0px;--awb-title-border-radius-bottom-right:0px;--awb-title-border-radius-bottom-left:0px;--awb-alignment:start;--awb-inactive-color:#f0f0ed;--awb-background-color:rgba(255,255,255,.4);--awb-border-color:#c5c5d7;--awb-active-border-color:#466bb3;\"><div class=\"nav\"><ul class=\"nav-tabs nav-justified\" role=\"tablist\"><li class=\"active\" role=\"presentation\"><a class=\"tab-link\" data-toggle=\"tab\" role=\"tab\" aria-controls=\"tab-5bd027ef565ddb41839\" aria-selected=\"true\" id=\"fusion-tab-description\" href=\"#tab-5bd027ef565ddb41839\"><h4 class=\"fusion-tab-heading\"><i class=\"fontawesome-icon fa-pencil-alt fas\" aria-hidden=\"true\" style=\"font-size:13px;\"><\/i>Description<\/h4><\/a><\/li><li role=\"presentation\"><a class=\"tab-link\" data-toggle=\"tab\" role=\"tab\" aria-controls=\"tab-6c10f1b8a87f7c6a1d5\" aria-selected=\"false\" tabindex=\"-1\" id=\"fusion-tab-photos\" href=\"#tab-6c10f1b8a87f7c6a1d5\"><h4 class=\"fusion-tab-heading\"><i class=\"fontawesome-icon fa-images fas\" aria-hidden=\"true\" style=\"font-size:13px;\"><\/i>Photos<\/h4><\/a><\/li><li role=\"presentation\"><a class=\"tab-link\" data-toggle=\"tab\" role=\"tab\" aria-controls=\"tab-a19d0ff9d5e07b0c6b7\" aria-selected=\"false\" tabindex=\"-1\" id=\"fusion-tab-location\" href=\"#tab-a19d0ff9d5e07b0c6b7\"><h4 class=\"fusion-tab-heading\"><i class=\"fontawesome-icon fa-map fas\" aria-hidden=\"true\" style=\"font-size:13px;\"><\/i>Location<\/h4><\/a><\/li><\/ul><\/div><div class=\"tab-content\"><div class=\"nav fusion-mobile-tab-nav\"><ul class=\"nav-tabs nav-justified\" role=\"tablist\"><li class=\"active\" role=\"presentation\"><a class=\"tab-link\" data-toggle=\"tab\" role=\"tab\" aria-controls=\"tab-5bd027ef565ddb41839\" aria-selected=\"true\" id=\"mobile-fusion-tab-description\" href=\"#tab-5bd027ef565ddb41839\"><h4 class=\"fusion-tab-heading\"><i class=\"fontawesome-icon fa-pencil-alt fas\" aria-hidden=\"true\" style=\"font-size:13px;\"><\/i>Description<\/h4><\/a><\/li><\/ul><\/div><div class=\"tab-pane fade fusion-clearfix in active\" role=\"tabpanel\" tabindex=\"0\" aria-labelledby=\"fusion-tab-description\" id=\"tab-5bd027ef565ddb41839\">It got its name from Queen Marija Kara\u0111or\u0111evi\u0107, for whom it was a favorite picnic spot. Kralji\u010dina beach is located next to \u010canj beach. It is about 120 m long and is surrounded by cypresses and olive trees. Due to the configuration of the terrain, access to the beach is only possible by boat.<\/div><div class=\"nav fusion-mobile-tab-nav\"><ul class=\"nav-tabs nav-justified\" role=\"tablist\"><li role=\"presentation\"><a class=\"tab-link\" data-toggle=\"tab\" role=\"tab\" aria-controls=\"tab-6c10f1b8a87f7c6a1d5\" aria-selected=\"false\" tabindex=\"-1\" id=\"mobile-fusion-tab-photos\" href=\"#tab-6c10f1b8a87f7c6a1d5\"><h4 class=\"fusion-tab-heading\"><i class=\"fontawesome-icon fa-images fas\" aria-hidden=\"true\" style=\"font-size:13px;\"><\/i>Photos<\/h4><\/a><\/li><\/ul><\/div><div class=\"tab-pane fade fusion-clearfix\" role=\"tabpanel\" tabindex=\"0\" aria-labelledby=\"fusion-tab-photos\" id=\"tab-6c10f1b8a87f7c6a1d5\">\nngg_shortcode_1_placeholder\n<\/div><div class=\"nav fusion-mobile-tab-nav\"><ul class=\"nav-tabs nav-justified\" role=\"tablist\"><li role=\"presentation\"><a class=\"tab-link\" data-toggle=\"tab\" role=\"tab\" aria-controls=\"tab-a19d0ff9d5e07b0c6b7\" aria-selected=\"false\" tabindex=\"-1\" id=\"mobile-fusion-tab-location\" href=\"#tab-a19d0ff9d5e07b0c6b7\"><h4 class=\"fusion-tab-heading\"><i class=\"fontawesome-icon fa-map fas\" aria-hidden=\"true\" style=\"font-size:13px;\"><\/i>Location<\/h4><\/a><\/li><\/ul><\/div><div class=\"tab-pane fade fusion-clearfix\" role=\"tabpanel\" tabindex=\"0\" aria-labelledby=\"fusion-tab-location\" id=\"tab-a19d0ff9d5e07b0c6b7\">\n<div id=\"lmm_ffdc3251\" style=\"width:640px;\" class=\"mapsmarker markermap marker-455\">\n<div id=\"lmm_panel_ffdc3251\" class=\"lmm-panel\" style=\"background:#efefef;\">\n<div id=\"lmm_panel_api_ffdc3251\" class=\"lmm-panel-api\"><a href=\"https:\/\/maps.google.com\/maps?daddr=42.378065,19.146532&amp;t=m&amp;layer=1&amp;doflg=ptk&amp;om=0\" target=\"_blank\" title=\"Get directions\"><img decoding=\"async\" alt=\"icon-car.png\" src=\"https:\/\/www.photomontenegro.me\/wp-content\/plugins\/leaflet-maps-marker\/inc\/img\/icon-car.png\" width=\"14\" height=\"14\" class=\"lmm-panel-api-images\" \/><\/a><\/div><div id=\"lmm_panel_text_ffdc3251\" class=\"lmm-panel-text\" style=\"font-weight:bold;color:#373737;\">Kalu\u0111ersko oko<\/div><\/div>\n<div id=\"lmm_map_ffdc3251\" class=\"lmm-map\" style=\"background:#f6f6f6;border:1px solid #ccc;height:480px; overflow:hidden;padding:0;\"><p style=\"font-size:80%;color:#9f9e9e;margin-left:5px;\">loading map - please wait...<noscript><br\/><strong>Map could not be loaded - please enable Javascript!<\/strong><br\/><a style=\"text-decoration:none;\" href=\"https:\/\/www.mapsmarker.com\/js-disabled\" target=\"_blank\">&rarr; more information<\/a><\/noscript><\/p><\/div>\n<div id=\"lmm_geo_tags_ffdc3251\" class=\"lmm-geo-tags geo\">\n<span class=\"paneltext\">Kalu\u0111ersko oko<\/span>\n<span class=\"latitude\">42.378065<\/span>, <span class=\"longitude\">19.146532<\/span>\n<span class=\"popuptext\">Kaludjersko oko<\/span>\n<\/div>\n<\/div>\n<\/div><\/div><\/div><\/div><\/div><\/div><\/div><\/p>","protected":false},"excerpt":{"rendered":"","protected":false},"author":1,"featured_media":8127,"comment_status":"open","ping_status":"open","sticky":false,"template":"","format":"standard","meta":{"_monsterinsights_skip_tracking":false,"_monsterinsights_sitenote_active":false,"_monsterinsights_sitenote_note":"","_monsterinsights_sitenote_category":0,"_uf_show_specific_survey":0,"_uf_disable_surveys":false,"ngg_post_thumbnail":0,"footnotes":""},"categories":[6,84],"tags":[811,787,1168],"class_list":["post-8123","post","type-post","status-publish","format-standard","has-post-thumbnail","hentry","category-crna-gora","category-plaze","tag-canj","tag-kraljicina-plaza","tag-kraljicina-plaza-canj"],"aioseo_notices":[],"_links":{"self":[{"href":"https:\/\/www.photomontenegro.me\/en\/wp-json\/wp\/v2\/posts\/8123"}],"collection":[{"href":"https:\/\/www.photomontenegro.me\/en\/wp-json\/wp\/v2\/posts"}],"about":[{"href":"https:\/\/www.photomontenegro.me\/en\/wp-json\/wp\/v2\/types\/post"}],"author":[{"embeddable":true,"href":"https:\/\/www.photomontenegro.me\/en\/wp-json\/wp\/v2\/users\/1"}],"replies":[{"embeddable":true,"href":"https:\/\/www.photomontenegro.me\/en\/wp-json\/wp\/v2\/comments?post=8123"}],"version-history":[{"count":6,"href":"https:\/\/www.photomontenegro.me\/en\/wp-json\/wp\/v2\/posts\/8123\/revisions"}],"predecessor-version":[{"id":8131,"href":"https:\/\/www.photomontenegro.me\/en\/wp-json\/wp\/v2\/posts\/8123\/revisions\/8131"}],"wp:featuredmedia":[{"embeddable":true,"href":"https:\/\/www.photomontenegro.me\/en\/wp-json\/wp\/v2\/media\/8127"}],"wp:attachment":[{"href":"https:\/\/www.photomontenegro.me\/en\/wp-json\/wp\/v2\/media?parent=8123"}],"wp:term":[{"taxonomy":"category","embeddable":true,"href":"https:\/\/www.photomontenegro.me\/en\/wp-json\/wp\/v2\/categories?post=8123"},{"taxonomy":"post_tag","embeddable":true,"href":"https:\/\/www.photomontenegro.me\/en\/wp-json\/wp\/v2\/tags?post=8123"}],"curies":[{"name":"wp","href":"https:\/\/api.w.org\/{rel}","templated":true}]}}